{"id":6746,"date":"2021-06-05T08:09:06","date_gmt":"2021-06-05T06:09:06","guid":{"rendered":"https:\/\/www.camping-martinet.fr\/uitgaan-en-festivals-deze-zomer-in-aude\/"},"modified":"2025-09-15T10:53:05","modified_gmt":"2025-09-15T08:53:05","slug":"uitgaan-en-festivals-deze-zomer-in-aude","status":"publish","type":"post","link":"https:\/\/www.camping-martinet.fr\/nl\/uitgaan-en-festivals-deze-zomer-in-aude\/","title":{"rendered":"Uitgaan en festivals deze zomer in Aude"},"content":{"rendered":"\n<h1 class=\"wp-block-heading\"><strong>HET CULTURELE ZOMERPROGRAMMA IN DE MONTAGNE NOIRE<br\/><\/strong><\/h1>\n\n<p><strong>Deze zomer biedt het departement<a href=\"https:\/\/www.camping-martinet.fr\/nl\/laude\/\"> Aude<\/a> je een ruim aanbod aan uitstapjes, ongewone plaatsen, concerten en gratis voorstellingen. Maak van de gelegenheid gebruik om uw huuraccommodatie of <a href=\"https:\/\/www.camping-martinet.fr\/nl\/locaties\/\">kampeerplaats te reserveren .<\/a> <br\/><\/strong><\/p>\n\n<p>Download het zomerprogramma onderaan dit artikel!<\/p>\n\n<h2 class=\"wp-block-heading\"><strong>CARCASSONNE<\/strong><\/h2>\n\n<h3 class=\"wp-block-heading\"><strong>ALLE JULI : <\/strong><strong>Carcassonne OFF Festival<\/strong><\/h3>\n\n<p>Naast het offici\u00eble festival, met een groot aantal bekende artiesten, biedt <a href=\"https:\/\/www.camping-martinet.fr\/carcassonne\/\">Carcassonne<\/a> een OFF festival met zes podia waar meer dan zestig gratis optredens plaatsvinden. Er staat je een eclectisch programma te wachten van lokale, nationale en internationale artiesten. Kom en zie de artiesten van het moment in concert.  <\/p>\n\n<figure class=\"wp-block-image aligncenter size-large\"><img loading=\"lazy\" decoding=\"async\" width=\"1024\" height=\"576\" src=\"https:\/\/www.camping-martinet.fr\/wp-content\/uploads\/2021\/06\/MARTINET-Festival-off-carcassonne-1024x576.jpeg\" alt=\"Carcassonne Uit Festival\" class=\"wp-image-5128\" srcset=\"https:\/\/www.camping-martinet.fr\/wp-content\/uploads\/2021\/06\/MARTINET-Festival-off-carcassonne-1024x576.jpeg 1024w, https:\/\/www.camping-martinet.fr\/wp-content\/uploads\/2021\/06\/MARTINET-Festival-off-carcassonne-300x169.jpeg 300w, https:\/\/www.camping-martinet.fr\/wp-content\/uploads\/2021\/06\/MARTINET-Festival-off-carcassonne-768x432.jpeg 768w, https:\/\/www.camping-martinet.fr\/wp-content\/uploads\/2021\/06\/MARTINET-Festival-off-carcassonne-1536x864.jpeg 1536w, https:\/\/www.camping-martinet.fr\/wp-content\/uploads\/2021\/06\/MARTINET-Festival-off-carcassonne-1920x1080.jpeg 1920w, https:\/\/www.camping-martinet.fr\/wp-content\/uploads\/2021\/06\/MARTINET-Festival-off-carcassonne.jpeg 2048w\" sizes=\"auto, (max-width: 1024px) 100vw, 1024px\" \/><\/figure>\n\n<h2 class=\"wp-block-heading\">\u00a0<\/h2>\n\n<h2 class=\"wp-block-heading\">\u00a0<\/h2>\n\n<h2 class=\"wp-block-heading\">Culturele uitstapjes voor het hele gezin Rond de Montagne Noire<\/h2>\n\n<figure class=\"wp-block-image aligncenter size-full\"><img loading=\"lazy\" decoding=\"async\" width=\"1216\" height=\"860\" src=\"https:\/\/www.camping-martinet.fr\/wp-content\/uploads\/2021\/06\/carteaude.jpg\" alt=\"kaart met culturele bezoeken in de Aude Katharenland\" class=\"wp-image-5129\" srcset=\"https:\/\/www.camping-martinet.fr\/wp-content\/uploads\/2021\/06\/carteaude.jpg 1216w, https:\/\/www.camping-martinet.fr\/wp-content\/uploads\/2021\/06\/carteaude-300x212.jpg 300w, https:\/\/www.camping-martinet.fr\/wp-content\/uploads\/2021\/06\/carteaude-1024x724.jpg 1024w, https:\/\/www.camping-martinet.fr\/wp-content\/uploads\/2021\/06\/carteaude-768x543.jpg 768w\" sizes=\"auto, (max-width: 1216px) 100vw, 1216px\" \/><\/figure>\n\n<h2 class=\"wp-block-heading\">Brousses en Villarets<\/h2>\n\n<h3 class=\"wp-block-heading\">20-21 augustus: Middeleeuws festival van Brousses<\/h3>\n\n<p>De vereniging &#8220;Les Chevaliers de la Montagne Noire&#8221; verwelkomt je in hun middeleeuwse kamp midden in een veld.<br\/>Dwaal over de markt, neem deel aan culturele activiteiten, animaties, troubadourshows en riddergevechten.<\/p>\n\n<p>Brousses et Villaret<br\/>06 95 23 23 70<br\/>leschevaliersdelamontagnenoire@gmail.com<\/p>\n\n<h2 class=\"wp-block-heading\">Fontiers-Gabad\u00e8s<\/h2>\n\n<h3 class=\"wp-block-heading\">Le Chat Barr\u00e9, een plek voor gezelligheid en vermaak.<\/h3>\n\n<p>Le Chat Barr\u00e9, een soort zingende guinguette, is een artistiek trefpunt waar muzikanten, zangers, muziekgroepen en komediegroepen <strong>de hele zomer<\/strong> optreden. De shows zijn er in alle vormen en stijlen, en kunnen zelfs een beetje gek zijn. Een must-do tijdens je verblijf als je wilt genieten van wat plezier, spelletjes en festiviteiten.<br\/>Proeverij van drankjes en lokale producten ter plaatse.  <\/p>\n\n<p>8 bis all\u00e9e Andr\u00e9 le N\u00f4tre<br\/>Fontiers-Cabard\u00e8s<br\/>06 75 12 94 19<br\/>lechatbarre@gmail.com<br\/><a href=\"https:\/\/www.lechatbarre-spectacles.com\">lechatbarre-spectacles.com<\/a><\/p>\n\n<h2 class=\"wp-block-heading\">Kasteel van Lastours<\/h2>\n\n<h3 class=\"wp-block-heading\">Evenementen in juli en augustus<\/h3>\n\n<p>Beleef Ch\u00e2teau de Lastours op een leuke manier. Het Katharenkasteel organiseert evenementen zoals roofvogelshows en verhalenrondleidingen.<br\/>Raadpleeg het evenementenprogramma op hun website. <\/p>\n\n<p>Belvedere en site van de 4 Lastours ch\u00e2teaux<br\/>04 68 77 56 02<br\/>chateaux.lastours@orange.fr<br\/><a href=\"https:\/\/www.chateau-lastours.com\/\">chateauxdelastours.fr<\/a><\/p>\n\n<h2 class=\"wp-block-heading\">Kasteel van Saissac<\/h2>\n\n<h3 class=\"wp-block-heading\">13 juli: VUURWERK<\/h3>\n\n<h3 class=\"wp-block-heading\">6-7 augustus: Middeleeuws feest in Saissac<\/h3>\n\n<p>De vereniging &#8220;Au coeur des l\u00e9gendes&#8221; heet je welkom op een reconstructie van het leven op het kasteel in de Middeleeuwen.<br\/>Er zijn voorstellingen en activiteiten voor het hele gezin.<\/p>\n\n<p>SAISSAC 04 68 24 46 01<br\/>chateausaissac@orange.fr<br\/> saissac<a href=\"https:\/\/www.saissac.fr\/\">.fr<\/a><\/p>\n\n<h2 class=\"wp-block-heading\">Kasteel Roquefere<\/h2>\n\n<h3 class=\"wp-block-heading\">Jazz onder de Kastanjebomen Festival in augustus<\/h3>\n\n<p>Voor jazzfans is het de ideale plek om de beste artiesten van het moment te bewonderen.<br\/>De omgeving is subliem en je kunt lokale producten proeven onder het genot van een glas Cabard\u00e8s.<\/p>\n\n<p>Parc du ch\u00e2teau Roquef\u00e8re<br\/>06 52 08 78 57<br\/>jazz-roquefere@sfr.fr<br\/>jazz-roquefere.com<\/p>\n\n<p class=\"has-text-align-center\"><a href=\"https:\/\/bit.ly\/37n33Pp\" target=\"_blank\" rel=\"noopener\">DOWNLOAD HET ZOMERPROGRAMMA &#8211; MONTAGNE NOIRE<\/a><\/p>\n\n<p>Om optimaal van je vakantie te genieten, kun je tijdens <a href=\"https:\/\/www.camping-martinet.fr\/nl\/accommodatie\/\">je verblijf op de camping<\/a> profiteren van het animatieaanbod in de zomer in de omgeving van Carcassonne en<a href=\"https:\/\/www.camping-martinet.fr\/castelnaudary\/\"> Castelnaudary<\/a>.<\/p>\n","protected":false},"excerpt":{"rendered":"<p>HET CULTURELE ZOMERPROGRAMMA IN DE MONTAGNE NOIRE Deze zomer biedt het departement Aude je een ruim aanbod aan uitstapjes, ongewone plaatsen, concerten en gratis voorstellingen. Maak van de gelegenheid gebruik om uw huuraccommodatie of kampeerplaats te reserveren . Download het zomerprogramma onderaan dit artikel! CARCASSONNE ALLE JULI : Carcassonne OFF Festival Naast het offici\u00eble festival, [&hellip;]<\/p>\n","protected":false},"author":2,"featured_media":6747,"comment_status":"closed","ping_status":"closed","sticky":false,"template":"","format":"standard","meta":{"footnotes":""},"categories":[44],"tags":[],"class_list":["post-6746","post","type-post","status-publish","format-standard","has-post-thumbnail","hentry","category-nieuws"],"yoast_head":"<!-- This site is optimized with the Yoast SEO plugin v27.5 - https:\/\/yoast.com\/product\/yoast-seo-wordpress\/ -->\n<title>Culturele kalender Carcassonne Aude deze zomer<\/title>\n<meta name=\"description\" content=\"De culturele kalender van Carcassonne en omstreken. Reserveer bij uw camping in de buurt van Carcassonne Le Martinet Rouge en geniet van de festiviteiten in de Aude. Accommodatie en staanplaatsen.\" \/>\n<meta name=\"robots\" content=\"index, follow, max-snippet:-1, max-image-preview:large, max-video-preview:-1\" \/>\n<link rel=\"canonical\" href=\"https:\/\/www.camping-martinet.fr\/nl\/uitgaan-en-festivals-deze-zomer-in-aude\/\" \/>\n<meta property=\"og:locale\" content=\"nl_NL\" \/>\n<meta property=\"og:type\" content=\"article\" \/>\n<meta property=\"og:title\" content=\"Culturele kalender Carcassonne Aude deze zomer\" \/>\n<meta property=\"og:description\" content=\"De culturele kalender van Carcassonne en omstreken. Reserveer bij uw camping in de buurt van Carcassonne Le Martinet Rouge en geniet van de festiviteiten in de Aude. Accommodatie en staanplaatsen.\" \/>\n<meta property=\"og:url\" content=\"https:\/\/www.camping-martinet.fr\/nl\/uitgaan-en-festivals-deze-zomer-in-aude\/\" \/>\n<meta property=\"og:site_name\" content=\"Camping le Martinet Rouge\" \/>\n<meta property=\"article:publisher\" content=\"https:\/\/www.facebook.com\/camping.le.martinet.rouge\/\" \/>\n<meta property=\"article:published_time\" content=\"2021-06-05T06:09:06+00:00\" \/>\n<meta property=\"article:modified_time\" content=\"2025-09-15T08:53:05+00:00\" \/>\n<meta property=\"og:image\" content=\"https:\/\/www.camping-martinet.fr\/wp-content\/uploads\/2021\/06\/MARTINET-Festival-off-carcassonne.jpeg\" \/>\n\t<meta property=\"og:image:width\" content=\"2048\" \/>\n\t<meta property=\"og:image:height\" content=\"1152\" \/>\n\t<meta property=\"og:image:type\" content=\"image\/jpeg\" \/>\n<meta name=\"author\" content=\"heurtevent\" \/>\n<meta name=\"twitter:card\" content=\"summary_large_image\" \/>\n<meta name=\"twitter:label1\" content=\"Geschreven door\" \/>\n\t<meta name=\"twitter:data1\" content=\"heurtevent\" \/>\n\t<meta name=\"twitter:label2\" content=\"Geschatte leestijd\" \/>\n\t<meta name=\"twitter:data2\" content=\"2 minuten\" \/>\n<script type=\"application\/ld+json\" class=\"yoast-schema-graph\">{\"@context\":\"https:\\\/\\\/schema.org\",\"@graph\":[{\"@type\":\"Article\",\"@id\":\"https:\\\/\\\/www.camping-martinet.fr\\\/nl\\\/uitgaan-en-festivals-deze-zomer-in-aude\\\/#article\",\"isPartOf\":{\"@id\":\"https:\\\/\\\/www.camping-martinet.fr\\\/nl\\\/uitgaan-en-festivals-deze-zomer-in-aude\\\/\"},\"author\":{\"name\":\"heurtevent\",\"@id\":\"https:\\\/\\\/www.camping-martinet.fr\\\/nl\\\/#\\\/schema\\\/person\\\/935ac9a0a312f623cc2c6df240d28a9d\"},\"headline\":\"Uitgaan en festivals deze zomer in Aude\",\"datePublished\":\"2021-06-05T06:09:06+00:00\",\"dateModified\":\"2025-09-15T08:53:05+00:00\",\"mainEntityOfPage\":{\"@id\":\"https:\\\/\\\/www.camping-martinet.fr\\\/nl\\\/uitgaan-en-festivals-deze-zomer-in-aude\\\/\"},\"wordCount\":427,\"publisher\":{\"@id\":\"https:\\\/\\\/www.camping-martinet.fr\\\/nl\\\/#organization\"},\"image\":{\"@id\":\"https:\\\/\\\/www.camping-martinet.fr\\\/nl\\\/uitgaan-en-festivals-deze-zomer-in-aude\\\/#primaryimage\"},\"thumbnailUrl\":\"https:\\\/\\\/www.camping-martinet.fr\\\/wp-content\\\/uploads\\\/2021\\\/06\\\/MARTINET-Festival-off-carcassonne.jpeg\",\"articleSection\":[\"nieuws\"],\"inLanguage\":\"nl-NL\"},{\"@type\":\"WebPage\",\"@id\":\"https:\\\/\\\/www.camping-martinet.fr\\\/nl\\\/uitgaan-en-festivals-deze-zomer-in-aude\\\/\",\"url\":\"https:\\\/\\\/www.camping-martinet.fr\\\/nl\\\/uitgaan-en-festivals-deze-zomer-in-aude\\\/\",\"name\":\"Culturele kalender Carcassonne Aude deze zomer\",\"isPartOf\":{\"@id\":\"https:\\\/\\\/www.camping-martinet.fr\\\/nl\\\/#website\"},\"primaryImageOfPage\":{\"@id\":\"https:\\\/\\\/www.camping-martinet.fr\\\/nl\\\/uitgaan-en-festivals-deze-zomer-in-aude\\\/#primaryimage\"},\"image\":{\"@id\":\"https:\\\/\\\/www.camping-martinet.fr\\\/nl\\\/uitgaan-en-festivals-deze-zomer-in-aude\\\/#primaryimage\"},\"thumbnailUrl\":\"https:\\\/\\\/www.camping-martinet.fr\\\/wp-content\\\/uploads\\\/2021\\\/06\\\/MARTINET-Festival-off-carcassonne.jpeg\",\"datePublished\":\"2021-06-05T06:09:06+00:00\",\"dateModified\":\"2025-09-15T08:53:05+00:00\",\"description\":\"De culturele kalender van Carcassonne en omstreken. Reserveer bij uw camping in de buurt van Carcassonne Le Martinet Rouge en geniet van de festiviteiten in de Aude. Accommodatie en staanplaatsen.\",\"breadcrumb\":{\"@id\":\"https:\\\/\\\/www.camping-martinet.fr\\\/nl\\\/uitgaan-en-festivals-deze-zomer-in-aude\\\/#breadcrumb\"},\"inLanguage\":\"nl-NL\",\"potentialAction\":[{\"@type\":\"ReadAction\",\"target\":[\"https:\\\/\\\/www.camping-martinet.fr\\\/nl\\\/uitgaan-en-festivals-deze-zomer-in-aude\\\/\"]}]},{\"@type\":\"ImageObject\",\"inLanguage\":\"nl-NL\",\"@id\":\"https:\\\/\\\/www.camping-martinet.fr\\\/nl\\\/uitgaan-en-festivals-deze-zomer-in-aude\\\/#primaryimage\",\"url\":\"https:\\\/\\\/www.camping-martinet.fr\\\/wp-content\\\/uploads\\\/2021\\\/06\\\/MARTINET-Festival-off-carcassonne.jpeg\",\"contentUrl\":\"https:\\\/\\\/www.camping-martinet.fr\\\/wp-content\\\/uploads\\\/2021\\\/06\\\/MARTINET-Festival-off-carcassonne.jpeg\",\"width\":2048,\"height\":1152,\"caption\":\"festival off de Carcassonne\"},{\"@type\":\"BreadcrumbList\",\"@id\":\"https:\\\/\\\/www.camping-martinet.fr\\\/nl\\\/uitgaan-en-festivals-deze-zomer-in-aude\\\/#breadcrumb\",\"itemListElement\":[{\"@type\":\"ListItem\",\"position\":1,\"name\":\"Home\",\"item\":\"https:\\\/\\\/www.camping-martinet.fr\\\/nl\\\/\"},{\"@type\":\"ListItem\",\"position\":2,\"name\":\"Uitgaan en festivals deze zomer in Aude\"}]},{\"@type\":\"WebSite\",\"@id\":\"https:\\\/\\\/www.camping-martinet.fr\\\/nl\\\/#website\",\"url\":\"https:\\\/\\\/www.camping-martinet.fr\\\/nl\\\/\",\"name\":\"Camping le Martinet Rouge\",\"description\":\"Camping Carcassonne\",\"publisher\":{\"@id\":\"https:\\\/\\\/www.camping-martinet.fr\\\/nl\\\/#organization\"},\"alternateName\":\"Martinet Rouge\",\"potentialAction\":[{\"@type\":\"SearchAction\",\"target\":{\"@type\":\"EntryPoint\",\"urlTemplate\":\"https:\\\/\\\/www.camping-martinet.fr\\\/nl\\\/?s={search_term_string}\"},\"query-input\":{\"@type\":\"PropertyValueSpecification\",\"valueRequired\":true,\"valueName\":\"search_term_string\"}}],\"inLanguage\":\"nl-NL\"},{\"@type\":\"Organization\",\"@id\":\"https:\\\/\\\/www.camping-martinet.fr\\\/nl\\\/#organization\",\"name\":\"Camping le Martinet Rouge - Carcassonne\",\"url\":\"https:\\\/\\\/www.camping-martinet.fr\\\/nl\\\/\",\"logo\":{\"@type\":\"ImageObject\",\"inLanguage\":\"nl-NL\",\"@id\":\"https:\\\/\\\/www.camping-martinet.fr\\\/nl\\\/#\\\/schema\\\/logo\\\/image\\\/\",\"url\":\"https:\\\/\\\/www.camping-martinet.fr\\\/wp-content\\\/uploads\\\/2023\\\/05\\\/logo-martinet-rouge.webp\",\"contentUrl\":\"https:\\\/\\\/www.camping-martinet.fr\\\/wp-content\\\/uploads\\\/2023\\\/05\\\/logo-martinet-rouge.webp\",\"width\":308,\"height\":133,\"caption\":\"Camping le Martinet Rouge - Carcassonne\"},\"image\":{\"@id\":\"https:\\\/\\\/www.camping-martinet.fr\\\/nl\\\/#\\\/schema\\\/logo\\\/image\\\/\"},\"sameAs\":[\"https:\\\/\\\/www.facebook.com\\\/camping.le.martinet.rouge\\\/\"]},{\"@type\":\"Person\",\"@id\":\"https:\\\/\\\/www.camping-martinet.fr\\\/nl\\\/#\\\/schema\\\/person\\\/935ac9a0a312f623cc2c6df240d28a9d\",\"name\":\"heurtevent\",\"sameAs\":[\"https:\\\/\\\/www.camping-martinet.fr\"],\"url\":\"https:\\\/\\\/www.camping-martinet.fr\\\/nl\\\/author\\\/heurtevent\\\/\"}]}<\/script>\n<!-- \/ Yoast SEO plugin. -->","yoast_head_json":{"title":"Culturele kalender Carcassonne Aude deze zomer","description":"De culturele kalender van Carcassonne en omstreken. Reserveer bij uw camping in de buurt van Carcassonne Le Martinet Rouge en geniet van de festiviteiten in de Aude. Accommodatie en staanplaatsen.","robots":{"index":"index","follow":"follow","max-snippet":"max-snippet:-1","max-image-preview":"max-image-preview:large","max-video-preview":"max-video-preview:-1"},"canonical":"https:\/\/www.camping-martinet.fr\/nl\/uitgaan-en-festivals-deze-zomer-in-aude\/","og_locale":"nl_NL","og_type":"article","og_title":"Culturele kalender Carcassonne Aude deze zomer","og_description":"De culturele kalender van Carcassonne en omstreken. Reserveer bij uw camping in de buurt van Carcassonne Le Martinet Rouge en geniet van de festiviteiten in de Aude. Accommodatie en staanplaatsen.","og_url":"https:\/\/www.camping-martinet.fr\/nl\/uitgaan-en-festivals-deze-zomer-in-aude\/","og_site_name":"Camping le Martinet Rouge","article_publisher":"https:\/\/www.facebook.com\/camping.le.martinet.rouge\/","article_published_time":"2021-06-05T06:09:06+00:00","article_modified_time":"2025-09-15T08:53:05+00:00","og_image":[{"width":2048,"height":1152,"url":"https:\/\/www.camping-martinet.fr\/wp-content\/uploads\/2021\/06\/MARTINET-Festival-off-carcassonne.jpeg","type":"image\/jpeg"}],"author":"heurtevent","twitter_card":"summary_large_image","twitter_misc":{"Geschreven door":"heurtevent","Geschatte leestijd":"2 minuten"},"schema":{"@context":"https:\/\/schema.org","@graph":[{"@type":"Article","@id":"https:\/\/www.camping-martinet.fr\/nl\/uitgaan-en-festivals-deze-zomer-in-aude\/#article","isPartOf":{"@id":"https:\/\/www.camping-martinet.fr\/nl\/uitgaan-en-festivals-deze-zomer-in-aude\/"},"author":{"name":"heurtevent","@id":"https:\/\/www.camping-martinet.fr\/nl\/#\/schema\/person\/935ac9a0a312f623cc2c6df240d28a9d"},"headline":"Uitgaan en festivals deze zomer in Aude","datePublished":"2021-06-05T06:09:06+00:00","dateModified":"2025-09-15T08:53:05+00:00","mainEntityOfPage":{"@id":"https:\/\/www.camping-martinet.fr\/nl\/uitgaan-en-festivals-deze-zomer-in-aude\/"},"wordCount":427,"publisher":{"@id":"https:\/\/www.camping-martinet.fr\/nl\/#organization"},"image":{"@id":"https:\/\/www.camping-martinet.fr\/nl\/uitgaan-en-festivals-deze-zomer-in-aude\/#primaryimage"},"thumbnailUrl":"https:\/\/www.camping-martinet.fr\/wp-content\/uploads\/2021\/06\/MARTINET-Festival-off-carcassonne.jpeg","articleSection":["nieuws"],"inLanguage":"nl-NL"},{"@type":"WebPage","@id":"https:\/\/www.camping-martinet.fr\/nl\/uitgaan-en-festivals-deze-zomer-in-aude\/","url":"https:\/\/www.camping-martinet.fr\/nl\/uitgaan-en-festivals-deze-zomer-in-aude\/","name":"Culturele kalender Carcassonne Aude deze zomer","isPartOf":{"@id":"https:\/\/www.camping-martinet.fr\/nl\/#website"},"primaryImageOfPage":{"@id":"https:\/\/www.camping-martinet.fr\/nl\/uitgaan-en-festivals-deze-zomer-in-aude\/#primaryimage"},"image":{"@id":"https:\/\/www.camping-martinet.fr\/nl\/uitgaan-en-festivals-deze-zomer-in-aude\/#primaryimage"},"thumbnailUrl":"https:\/\/www.camping-martinet.fr\/wp-content\/uploads\/2021\/06\/MARTINET-Festival-off-carcassonne.jpeg","datePublished":"2021-06-05T06:09:06+00:00","dateModified":"2025-09-15T08:53:05+00:00","description":"De culturele kalender van Carcassonne en omstreken. Reserveer bij uw camping in de buurt van Carcassonne Le Martinet Rouge en geniet van de festiviteiten in de Aude. Accommodatie en staanplaatsen.","breadcrumb":{"@id":"https:\/\/www.camping-martinet.fr\/nl\/uitgaan-en-festivals-deze-zomer-in-aude\/#breadcrumb"},"inLanguage":"nl-NL","potentialAction":[{"@type":"ReadAction","target":["https:\/\/www.camping-martinet.fr\/nl\/uitgaan-en-festivals-deze-zomer-in-aude\/"]}]},{"@type":"ImageObject","inLanguage":"nl-NL","@id":"https:\/\/www.camping-martinet.fr\/nl\/uitgaan-en-festivals-deze-zomer-in-aude\/#primaryimage","url":"https:\/\/www.camping-martinet.fr\/wp-content\/uploads\/2021\/06\/MARTINET-Festival-off-carcassonne.jpeg","contentUrl":"https:\/\/www.camping-martinet.fr\/wp-content\/uploads\/2021\/06\/MARTINET-Festival-off-carcassonne.jpeg","width":2048,"height":1152,"caption":"festival off de Carcassonne"},{"@type":"BreadcrumbList","@id":"https:\/\/www.camping-martinet.fr\/nl\/uitgaan-en-festivals-deze-zomer-in-aude\/#breadcrumb","itemListElement":[{"@type":"ListItem","position":1,"name":"Home","item":"https:\/\/www.camping-martinet.fr\/nl\/"},{"@type":"ListItem","position":2,"name":"Uitgaan en festivals deze zomer in Aude"}]},{"@type":"WebSite","@id":"https:\/\/www.camping-martinet.fr\/nl\/#website","url":"https:\/\/www.camping-martinet.fr\/nl\/","name":"Camping le Martinet Rouge","description":"Camping Carcassonne","publisher":{"@id":"https:\/\/www.camping-martinet.fr\/nl\/#organization"},"alternateName":"Martinet Rouge","potentialAction":[{"@type":"SearchAction","target":{"@type":"EntryPoint","urlTemplate":"https:\/\/www.camping-martinet.fr\/nl\/?s={search_term_string}"},"query-input":{"@type":"PropertyValueSpecification","valueRequired":true,"valueName":"search_term_string"}}],"inLanguage":"nl-NL"},{"@type":"Organization","@id":"https:\/\/www.camping-martinet.fr\/nl\/#organization","name":"Camping le Martinet Rouge - Carcassonne","url":"https:\/\/www.camping-martinet.fr\/nl\/","logo":{"@type":"ImageObject","inLanguage":"nl-NL","@id":"https:\/\/www.camping-martinet.fr\/nl\/#\/schema\/logo\/image\/","url":"https:\/\/www.camping-martinet.fr\/wp-content\/uploads\/2023\/05\/logo-martinet-rouge.webp","contentUrl":"https:\/\/www.camping-martinet.fr\/wp-content\/uploads\/2023\/05\/logo-martinet-rouge.webp","width":308,"height":133,"caption":"Camping le Martinet Rouge - Carcassonne"},"image":{"@id":"https:\/\/www.camping-martinet.fr\/nl\/#\/schema\/logo\/image\/"},"sameAs":["https:\/\/www.facebook.com\/camping.le.martinet.rouge\/"]},{"@type":"Person","@id":"https:\/\/www.camping-martinet.fr\/nl\/#\/schema\/person\/935ac9a0a312f623cc2c6df240d28a9d","name":"heurtevent","sameAs":["https:\/\/www.camping-martinet.fr"],"url":"https:\/\/www.camping-martinet.fr\/nl\/author\/heurtevent\/"}]}},"_links":{"self":[{"href":"https:\/\/www.camping-martinet.fr\/nl\/wp-json\/wp\/v2\/posts\/6746","targetHints":{"allow":["GET"]}}],"collection":[{"href":"https:\/\/www.camping-martinet.fr\/nl\/wp-json\/wp\/v2\/posts"}],"about":[{"href":"https:\/\/www.camping-martinet.fr\/nl\/wp-json\/wp\/v2\/types\/post"}],"author":[{"embeddable":true,"href":"https:\/\/www.camping-martinet.fr\/nl\/wp-json\/wp\/v2\/users\/2"}],"replies":[{"embeddable":true,"href":"https:\/\/www.camping-martinet.fr\/nl\/wp-json\/wp\/v2\/comments?post=6746"}],"version-history":[{"count":0,"href":"https:\/\/www.camping-martinet.fr\/nl\/wp-json\/wp\/v2\/posts\/6746\/revisions"}],"wp:featuredmedia":[{"embeddable":true,"href":"https:\/\/www.camping-martinet.fr\/nl\/wp-json\/wp\/v2\/media\/6747"}],"wp:attachment":[{"href":"https:\/\/www.camping-martinet.fr\/nl\/wp-json\/wp\/v2\/media?parent=6746"}],"wp:term":[{"taxonomy":"category","embeddable":true,"href":"https:\/\/www.camping-martinet.fr\/nl\/wp-json\/wp\/v2\/categories?post=6746"},{"taxonomy":"post_tag","embeddable":true,"href":"https:\/\/www.camping-martinet.fr\/nl\/wp-json\/wp\/v2\/tags?post=6746"}],"curies":[{"name":"wp","href":"https:\/\/api.w.org\/{rel}","templated":true}]}}